{"id":1807,"date":"2020-03-22T17:33:50","date_gmt":"2020-03-22T16:33:50","guid":{"rendered":"http:\/\/www.groupe-vacher.com\/2020\/03\/22\/nous-souhaitons-dire-merci\/"},"modified":"2020-07-02T17:41:39","modified_gmt":"2020-07-02T15:41:39","slug":"nous-souhaitons-dire-merci","status":"publish","type":"post","link":"https:\/\/www.vacher-marcel.fr\/en\/2020\/03\/22\/nous-souhaitons-dire-merci\/","title":{"rendered":"Nous souhaitons dire : Merci"},"content":{"rendered":"\n<p><strong>Merci, \u00e0 tous nos collaborateurs<\/strong>, dans nos Ateliers, nos bureaux d\u2019\u00e9tudes, nos services administratifs, qui se sont mobilis\u00e9s et adapt\u00e9s pour assurer la continuit\u00e9 de nos services \u00e0 nos clients. Ils ont permis de faire en sorte que l\u2019\u00e9conomie continue et que les industries d\u2019importance vitale soient \u00e0 m\u00eame de relever le d\u00e9fi auquel nous faisons tous face.<\/p>\n\n\n\n<p><strong>Merci \u00e0 nos fournisseurs<\/strong>, nos partenaires qui ont pris les mesures indispensables \u00e0 la s\u00e9curit\u00e9 de nos collaborateurs pour leur permettre de produire dans les meilleures conditions possibles.<\/p>\n\n\n\n<p>Merci\n\u00e0 nos clients, qui prennent en compte les difficult\u00e9s et comprennent que c\u2019est\nensemble que nous arriverons \u00e0 surmonter ces \u00e9preuves et \u00e0 relever la t\u00eate.<\/p>\n\n\n\n<p>C\u2019est\ntous ensemble, que nous mettrons \u00e0 terre ce fl\u00e9au, respectons les gestes\nbarri\u00e8res.<\/p>\n\n\n\n<p><strong>Merci \u00e0 tout les personnels m\u00e9dicaux<\/strong>, auxquels nous adressons notre gratitude la plus sinc\u00e8re et nos encouragements. Sans eux, sans le d\u00e9vouement et l\u2019abn\u00e9gation dont ils font preuve au quotidien rien ne serait possible. <\/p>\n","protected":false},"excerpt":{"rendered":"<p>Merci, \u00e0 tous nos collaborateurs, dans nos Ateliers, nos bureaux d\u2019\u00e9tudes, nos services administratifs, qui [&hellip;]<\/p>\n","protected":false},"author":1,"featured_media":1496,"comment_status":"open","ping_status":"open","sticky":false,"template":"","format":"standard","meta":{"_acf_changed":false,"footnotes":""},"categories":[2],"tags":[],"class_list":["post-1807","post","type-post","status-publish","format-standard","has-post-thumbnail","hentry","category-uncategorized"],"acf":[],"_links":{"self":[{"href":"https:\/\/www.vacher-marcel.fr\/en\/wp-json\/wp\/v2\/posts\/1807","targetHints":{"allow":["GET"]}}],"collection":[{"href":"https:\/\/www.vacher-marcel.fr\/en\/wp-json\/wp\/v2\/posts"}],"about":[{"href":"https:\/\/www.vacher-marcel.fr\/en\/wp-json\/wp\/v2\/types\/post"}],"author":[{"embeddable":true,"href":"https:\/\/www.vacher-marcel.fr\/en\/wp-json\/wp\/v2\/users\/1"}],"replies":[{"embeddable":true,"href":"https:\/\/www.vacher-marcel.fr\/en\/wp-json\/wp\/v2\/comments?post=1807"}],"version-history":[{"count":11,"href":"https:\/\/www.vacher-marcel.fr\/en\/wp-json\/wp\/v2\/posts\/1807\/revisions"}],"predecessor-version":[{"id":2790,"href":"https:\/\/www.vacher-marcel.fr\/en\/wp-json\/wp\/v2\/posts\/1807\/revisions\/2790"}],"wp:featuredmedia":[{"embeddable":true,"href":"https:\/\/www.vacher-marcel.fr\/en\/wp-json\/wp\/v2\/media\/1496"}],"wp:attachment":[{"href":"https:\/\/www.vacher-marcel.fr\/en\/wp-json\/wp\/v2\/media?parent=1807"}],"wp:term":[{"taxonomy":"category","embeddable":true,"href":"https:\/\/www.vacher-marcel.fr\/en\/wp-json\/wp\/v2\/categories?post=1807"},{"taxonomy":"post_tag","embeddable":true,"href":"https:\/\/www.vacher-marcel.fr\/en\/wp-json\/wp\/v2\/tags?post=1807"}],"curies":[{"name":"wp","href":"https:\/\/api.w.org\/{rel}","templated":true}]}}